{"id":1755,"date":"2017-06-14T12:51:58","date_gmt":"2017-06-14T10:51:58","guid":{"rendered":"http:\/\/prvafina.dev.tovarnaidej.com\/?p=1755"},"modified":"2017-06-20T14:34:00","modified_gmt":"2017-06-20T12:34:00","slug":"nemski-forum-2017","status":"publish","type":"post","link":"https:\/\/www.prvafina.si\/en\/nemski-forum-2017\/","title":{"rendered":"Nem\u0161ki forum 2017"},"content":{"rendered":"<p><span id=\"ember8415\" class=\"ember-view\">8.5.2017 smo se udele\u017eili dogodka Nem\u0161ki forum 2017, ki ga je organizirala Slovensko-nem\u0161ka gospodarska zbornica. <\/span><\/p>\n<p><span id=\"ember8415\" class=\"ember-view\">Povabljeni smo bili na okroglo mizo kot gostje okrogle mize. <\/span><\/p>\n<p><span id=\"ember8415\" class=\"ember-view\">Tema je bila Vstop na nem\u0161ki trg oz. \u0161iritev poslovanja na nem\u0161kem trgu. <\/span><\/p>\n<p><span id=\"ember8415\" class=\"ember-view\">Slovenskim podjetjem smo predstavili mo\u017enosti financiranja in zavarovanje terjatev za primere nepla\u010dil njihovih nem\u0161kih kupcev. <\/span><\/p>\n<p><span id=\"ember8415\" class=\"ember-view\">Ve\u010d utrinkov lahko preverite v videu: <a href=\"https:\/\/www.youtube.com\/watch?v=r6rd64j_tBY\">https:\/\/www.youtube.com\/watch?v=r6rd64j_tBY<\/a><\/span><\/p>","protected":false},"excerpt":{"rendered":"<p>8.5.2017 smo se udele\u017eili dogodka Nem\u0161ki forum 2017, ki ga je organizirala Slovensko-nem\u0161ka gospodarska zbornica. Povabljeni smo bili na okroglo mizo kot gostje okrogle mize. Tema je bila Vstop na nem\u0161ki trg oz. \u0161iritev poslovanja na nem\u0161kem trgu. Slovenskim podjetjem smo predstavili mo\u017enosti financiranja in zavarovanje terjatev za primere nepla\u010dil njihovih nem\u0161kih kupcev. Ve\u010d utrinkov<\/p>","protected":false},"author":1,"featured_media":1790,"comment_status":"closed","ping_status":"open","sticky":false,"template":"","format":"standard","meta":{"om_disable_all_campaigns":false,"_exactmetrics_skip_tracking":false,"_exactmetrics_sitenote_active":false,"_exactmetrics_sitenote_note":"","_exactmetrics_sitenote_category":0,"_monsterinsights_skip_tracking":false,"_monsterinsights_sitenote_active":false,"_monsterinsights_sitenote_note":"","_monsterinsights_sitenote_category":0,"_uf_show_specific_survey":0,"_uf_disable_surveys":false,"footnotes":""},"categories":[42],"tags":[],"class_list":["post-1755","post","type-post","status-publish","format-standard","has-post-thumbnail","hentry","category-finance"],"yoast_head":"<!-- This site is optimized with the Yoast SEO plugin v26.8 - https:\/\/yoast.com\/product\/yoast-seo-wordpress\/ -->\n<title>Nem\u0161ki forum 2017 - Prva finan\u010dna agencija<\/title>\n<meta name=\"robots\" content=\"index, follow, max-snippet:-1, max-image-preview:large, max-video-preview:-1\" \/>\n<link rel=\"canonical\" href=\"https:\/\/www.prvafina.si\/en\/nemski-forum-2017\/\" \/>\n<meta property=\"og:locale\" content=\"en_US\" \/>\n<meta property=\"og:type\" content=\"article\" \/>\n<meta property=\"og:title\" content=\"Nem\u0161ki forum 2017 - Prva finan\u010dna agencija\" \/>\n<meta property=\"og:description\" content=\"8.5.2017 smo se udele\u017eili dogodka Nem\u0161ki forum 2017, ki ga je organizirala Slovensko-nem\u0161ka gospodarska zbornica. Povabljeni smo bili na okroglo mizo kot gostje okrogle mize. Tema je bila Vstop na nem\u0161ki trg oz. \u0161iritev poslovanja na nem\u0161kem trgu. Slovenskim podjetjem smo predstavili mo\u017enosti financiranja in zavarovanje terjatev za primere nepla\u010dil njihovih nem\u0161kih kupcev. Ve\u010d utrinkov\" \/>\n<meta property=\"og:url\" content=\"https:\/\/www.prvafina.si\/en\/nemski-forum-2017\/\" \/>\n<meta property=\"og:site_name\" content=\"Prva finan\u010dna agencija\" \/>\n<meta property=\"article:published_time\" content=\"2017-06-14T10:51:58+00:00\" \/>\n<meta property=\"article:modified_time\" content=\"2017-06-20T12:34:00+00:00\" \/>\n<meta property=\"og:image\" content=\"https:\/\/www.prvafina.si\/wp-content\/uploads\/2017\/06\/forum-1.jpg\" \/>\n\t<meta property=\"og:image:width\" content=\"4949\" \/>\n\t<meta property=\"og:image:height\" content=\"3299\" \/>\n\t<meta property=\"og:image:type\" content=\"image\/jpeg\" \/>\n<meta name=\"author\" content=\"admin\" \/>\n<meta name=\"twitter:card\" content=\"summary_large_image\" \/>\n<meta name=\"twitter:label1\" content=\"Written by\" \/>\n\t<meta name=\"twitter:data1\" content=\"admin\" \/>\n<script type=\"application\/ld+json\" class=\"yoast-schema-graph\">{\"@context\":\"https:\/\/schema.org\",\"@graph\":[{\"@type\":\"Article\",\"@id\":\"https:\/\/www.prvafina.si\/en\/nemski-forum-2017\/#article\",\"isPartOf\":{\"@id\":\"https:\/\/www.prvafina.si\/en\/nemski-forum-2017\/\"},\"author\":{\"name\":\"admin\",\"@id\":\"https:\/\/www.prvafina.si\/#\/schema\/person\/1da61c55738c0cafe011d50982c7429f\"},\"headline\":\"Nem\u0161ki forum 2017\",\"datePublished\":\"2017-06-14T10:51:58+00:00\",\"dateModified\":\"2017-06-20T12:34:00+00:00\",\"mainEntityOfPage\":{\"@id\":\"https:\/\/www.prvafina.si\/en\/nemski-forum-2017\/\"},\"wordCount\":78,\"image\":{\"@id\":\"https:\/\/www.prvafina.si\/en\/nemski-forum-2017\/#primaryimage\"},\"thumbnailUrl\":\"https:\/\/www.prvafina.si\/wp-content\/uploads\/2017\/06\/forum-1.jpg\",\"articleSection\":[\"Finance\"],\"inLanguage\":\"en-US\"},{\"@type\":\"WebPage\",\"@id\":\"https:\/\/www.prvafina.si\/en\/nemski-forum-2017\/\",\"url\":\"https:\/\/www.prvafina.si\/en\/nemski-forum-2017\/\",\"name\":\"Nem\u0161ki forum 2017 - Prva finan\u010dna agencija\",\"isPartOf\":{\"@id\":\"https:\/\/www.prvafina.si\/#website\"},\"primaryImageOfPage\":{\"@id\":\"https:\/\/www.prvafina.si\/en\/nemski-forum-2017\/#primaryimage\"},\"image\":{\"@id\":\"https:\/\/www.prvafina.si\/en\/nemski-forum-2017\/#primaryimage\"},\"thumbnailUrl\":\"https:\/\/www.prvafina.si\/wp-content\/uploads\/2017\/06\/forum-1.jpg\",\"datePublished\":\"2017-06-14T10:51:58+00:00\",\"dateModified\":\"2017-06-20T12:34:00+00:00\",\"author\":{\"@id\":\"https:\/\/www.prvafina.si\/#\/schema\/person\/1da61c55738c0cafe011d50982c7429f\"},\"breadcrumb\":{\"@id\":\"https:\/\/www.prvafina.si\/en\/nemski-forum-2017\/#breadcrumb\"},\"inLanguage\":\"en-US\",\"potentialAction\":[{\"@type\":\"ReadAction\",\"target\":[\"https:\/\/www.prvafina.si\/en\/nemski-forum-2017\/\"]}]},{\"@type\":\"ImageObject\",\"inLanguage\":\"en-US\",\"@id\":\"https:\/\/www.prvafina.si\/en\/nemski-forum-2017\/#primaryimage\",\"url\":\"https:\/\/www.prvafina.si\/wp-content\/uploads\/2017\/06\/forum-1.jpg\",\"contentUrl\":\"https:\/\/www.prvafina.si\/wp-content\/uploads\/2017\/06\/forum-1.jpg\",\"width\":4949,\"height\":3299},{\"@type\":\"BreadcrumbList\",\"@id\":\"https:\/\/www.prvafina.si\/en\/nemski-forum-2017\/#breadcrumb\",\"itemListElement\":[{\"@type\":\"ListItem\",\"position\":1,\"name\":\"Home\",\"item\":\"https:\/\/www.prvafina.si\/\"},{\"@type\":\"ListItem\",\"position\":2,\"name\":\"Nem\u0161ki forum 2017\"}]},{\"@type\":\"WebSite\",\"@id\":\"https:\/\/www.prvafina.si\/#website\",\"url\":\"https:\/\/www.prvafina.si\/\",\"name\":\"Prva finan\u010dna agencija\",\"description\":\"\",\"potentialAction\":[{\"@type\":\"SearchAction\",\"target\":{\"@type\":\"EntryPoint\",\"urlTemplate\":\"https:\/\/www.prvafina.si\/?s={search_term_string}\"},\"query-input\":{\"@type\":\"PropertyValueSpecification\",\"valueRequired\":true,\"valueName\":\"search_term_string\"}}],\"inLanguage\":\"en-US\"},{\"@type\":\"Person\",\"@id\":\"https:\/\/www.prvafina.si\/#\/schema\/person\/1da61c55738c0cafe011d50982c7429f\",\"name\":\"admin\",\"image\":{\"@type\":\"ImageObject\",\"inLanguage\":\"en-US\",\"@id\":\"https:\/\/www.prvafina.si\/#\/schema\/person\/image\/\",\"url\":\"https:\/\/secure.gravatar.com\/avatar\/ad8db41b4c924d6c8c960fca973a022a4ad2b01ec881323b120096d1e020e86c?s=96&d=mm&r=g\",\"contentUrl\":\"https:\/\/secure.gravatar.com\/avatar\/ad8db41b4c924d6c8c960fca973a022a4ad2b01ec881323b120096d1e020e86c?s=96&d=mm&r=g\",\"caption\":\"admin\"}}]}<\/script>\n<!-- \/ Yoast SEO plugin. -->","yoast_head_json":{"title":"Nem\u0161ki forum 2017 - Prva finan\u010dna agencija","robots":{"index":"index","follow":"follow","max-snippet":"max-snippet:-1","max-image-preview":"max-image-preview:large","max-video-preview":"max-video-preview:-1"},"canonical":"https:\/\/www.prvafina.si\/en\/nemski-forum-2017\/","og_locale":"en_US","og_type":"article","og_title":"Nem\u0161ki forum 2017 - Prva finan\u010dna agencija","og_description":"8.5.2017 smo se udele\u017eili dogodka Nem\u0161ki forum 2017, ki ga je organizirala Slovensko-nem\u0161ka gospodarska zbornica. Povabljeni smo bili na okroglo mizo kot gostje okrogle mize. Tema je bila Vstop na nem\u0161ki trg oz. \u0161iritev poslovanja na nem\u0161kem trgu. Slovenskim podjetjem smo predstavili mo\u017enosti financiranja in zavarovanje terjatev za primere nepla\u010dil njihovih nem\u0161kih kupcev. Ve\u010d utrinkov","og_url":"https:\/\/www.prvafina.si\/en\/nemski-forum-2017\/","og_site_name":"Prva finan\u010dna agencija","article_published_time":"2017-06-14T10:51:58+00:00","article_modified_time":"2017-06-20T12:34:00+00:00","og_image":[{"width":4949,"height":3299,"url":"https:\/\/www.prvafina.si\/wp-content\/uploads\/2017\/06\/forum-1.jpg","type":"image\/jpeg"}],"author":"admin","twitter_card":"summary_large_image","twitter_misc":{"Written by":"admin"},"schema":{"@context":"https:\/\/schema.org","@graph":[{"@type":"Article","@id":"https:\/\/www.prvafina.si\/en\/nemski-forum-2017\/#article","isPartOf":{"@id":"https:\/\/www.prvafina.si\/en\/nemski-forum-2017\/"},"author":{"name":"admin","@id":"https:\/\/www.prvafina.si\/#\/schema\/person\/1da61c55738c0cafe011d50982c7429f"},"headline":"Nem\u0161ki forum 2017","datePublished":"2017-06-14T10:51:58+00:00","dateModified":"2017-06-20T12:34:00+00:00","mainEntityOfPage":{"@id":"https:\/\/www.prvafina.si\/en\/nemski-forum-2017\/"},"wordCount":78,"image":{"@id":"https:\/\/www.prvafina.si\/en\/nemski-forum-2017\/#primaryimage"},"thumbnailUrl":"https:\/\/www.prvafina.si\/wp-content\/uploads\/2017\/06\/forum-1.jpg","articleSection":["Finance"],"inLanguage":"en-US"},{"@type":"WebPage","@id":"https:\/\/www.prvafina.si\/en\/nemski-forum-2017\/","url":"https:\/\/www.prvafina.si\/en\/nemski-forum-2017\/","name":"Nem\u0161ki forum 2017 - Prva finan\u010dna agencija","isPartOf":{"@id":"https:\/\/www.prvafina.si\/#website"},"primaryImageOfPage":{"@id":"https:\/\/www.prvafina.si\/en\/nemski-forum-2017\/#primaryimage"},"image":{"@id":"https:\/\/www.prvafina.si\/en\/nemski-forum-2017\/#primaryimage"},"thumbnailUrl":"https:\/\/www.prvafina.si\/wp-content\/uploads\/2017\/06\/forum-1.jpg","datePublished":"2017-06-14T10:51:58+00:00","dateModified":"2017-06-20T12:34:00+00:00","author":{"@id":"https:\/\/www.prvafina.si\/#\/schema\/person\/1da61c55738c0cafe011d50982c7429f"},"breadcrumb":{"@id":"https:\/\/www.prvafina.si\/en\/nemski-forum-2017\/#breadcrumb"},"inLanguage":"en-US","potentialAction":[{"@type":"ReadAction","target":["https:\/\/www.prvafina.si\/en\/nemski-forum-2017\/"]}]},{"@type":"ImageObject","inLanguage":"en-US","@id":"https:\/\/www.prvafina.si\/en\/nemski-forum-2017\/#primaryimage","url":"https:\/\/www.prvafina.si\/wp-content\/uploads\/2017\/06\/forum-1.jpg","contentUrl":"https:\/\/www.prvafina.si\/wp-content\/uploads\/2017\/06\/forum-1.jpg","width":4949,"height":3299},{"@type":"BreadcrumbList","@id":"https:\/\/www.prvafina.si\/en\/nemski-forum-2017\/#breadcrumb","itemListElement":[{"@type":"ListItem","position":1,"name":"Home","item":"https:\/\/www.prvafina.si\/"},{"@type":"ListItem","position":2,"name":"Nem\u0161ki forum 2017"}]},{"@type":"WebSite","@id":"https:\/\/www.prvafina.si\/#website","url":"https:\/\/www.prvafina.si\/","name":"Prva finan\u010dna agencija","description":"","potentialAction":[{"@type":"SearchAction","target":{"@type":"EntryPoint","urlTemplate":"https:\/\/www.prvafina.si\/?s={search_term_string}"},"query-input":{"@type":"PropertyValueSpecification","valueRequired":true,"valueName":"search_term_string"}}],"inLanguage":"en-US"},{"@type":"Person","@id":"https:\/\/www.prvafina.si\/#\/schema\/person\/1da61c55738c0cafe011d50982c7429f","name":"admin","image":{"@type":"ImageObject","inLanguage":"en-US","@id":"https:\/\/www.prvafina.si\/#\/schema\/person\/image\/","url":"https:\/\/secure.gravatar.com\/avatar\/ad8db41b4c924d6c8c960fca973a022a4ad2b01ec881323b120096d1e020e86c?s=96&d=mm&r=g","contentUrl":"https:\/\/secure.gravatar.com\/avatar\/ad8db41b4c924d6c8c960fca973a022a4ad2b01ec881323b120096d1e020e86c?s=96&d=mm&r=g","caption":"admin"}}]}},"_links":{"self":[{"href":"https:\/\/www.prvafina.si\/en\/wp-json\/wp\/v2\/posts\/1755","targetHints":{"allow":["GET"]}}],"collection":[{"href":"https:\/\/www.prvafina.si\/en\/wp-json\/wp\/v2\/posts"}],"about":[{"href":"https:\/\/www.prvafina.si\/en\/wp-json\/wp\/v2\/types\/post"}],"author":[{"embeddable":true,"href":"https:\/\/www.prvafina.si\/en\/wp-json\/wp\/v2\/users\/1"}],"replies":[{"embeddable":true,"href":"https:\/\/www.prvafina.si\/en\/wp-json\/wp\/v2\/comments?post=1755"}],"version-history":[{"count":1,"href":"https:\/\/www.prvafina.si\/en\/wp-json\/wp\/v2\/posts\/1755\/revisions"}],"predecessor-version":[{"id":1756,"href":"https:\/\/www.prvafina.si\/en\/wp-json\/wp\/v2\/posts\/1755\/revisions\/1756"}],"wp:featuredmedia":[{"embeddable":true,"href":"https:\/\/www.prvafina.si\/en\/wp-json\/wp\/v2\/media\/1790"}],"wp:attachment":[{"href":"https:\/\/www.prvafina.si\/en\/wp-json\/wp\/v2\/media?parent=1755"}],"wp:term":[{"taxonomy":"category","embeddable":true,"href":"https:\/\/www.prvafina.si\/en\/wp-json\/wp\/v2\/categories?post=1755"},{"taxonomy":"post_tag","embeddable":true,"href":"https:\/\/www.prvafina.si\/en\/wp-json\/wp\/v2\/tags?post=1755"}],"curies":[{"name":"wp","href":"https:\/\/api.w.org\/{rel}","templated":true}]}}